{"id":3408,"date":"2019-04-12T20:08:54","date_gmt":"2019-04-12T18:08:54","guid":{"rendered":"http:\/\/videom.it\/blog\/?p=3408"},"modified":"2019-04-12T20:40:09","modified_gmt":"2019-04-12T18:40:09","slug":"apple-airpods-2","status":"publish","type":"post","link":"https:\/\/videom.it\/blog\/apple-airpods-2\/","title":{"rendered":"AirPods Apple di seconda Generazione gi\u00e0 disponibili"},"content":{"rendered":"<div class=\"td-post-header\"><header class=\"td-post-title\">\n<h5>Apple ha lanciato gli AirPods di seconda generazione che, esteticamente, sono praticamente identici al modello di prima generazione. Fatta eccezione per il <strong>LED sulla parte frontale<\/strong>\u00a0della custodia di ricarica wireless.<\/h5>\n<p>Questo LED indica lo stato di carica degli Apple AirPods quando si posiziona il case su un tappetino di<a href=\"https:\/\/it.wikipedia.org\/wiki\/Qi_(standard)\" target=\"_blank\" rel=\"noopener noreferrer\"> ricarica compatibile Qi.<\/a> Negli AirPods di prima generazione e nel case con custodia di ricarica standard, il LED si trova all\u2019interno della custodia. Per il resto,\u00a0<strong>entrambe le versioni degli AirPods hanno le stesse dimensioni e lo stesso peso.<\/strong> Sono disponibili solo in bianco, ogni auricolare pesa 4 grammi mentre la custodia pesa 38 grammi.\u00a0<\/p>\n<p>I nuovi AirPods possono essere acquistati nel nostro Store da subito<strong> VideoMusic Trebisacce &#8211; V.le della Libert\u00e0 22\/24 a Trebisacce. Contatti: 0981 58459\/51519 WhatsApp 3518188174 &#8211; <\/strong><strong>Anche On Line <span id=\"sample-permalink\"><a href=\"http:\/\/videom.it\/blog\/shop\/airpods-auricolari\/\" target=\"_blank\" rel=\"noopener noreferrer\">http:\/\/videom.it\/blog\/shop\/<span id=\"editable-post-name\">airpods-auricolari<\/span>\/<\/a><\/span>\u00a0\u200e<\/strong><\/p>\n<p>. Ma cosa \u00e8 migliorato con questa nuova versione? E quali sono i punti in comune tra le due generazioni di AirPods?<\/p>\n<p><img data-recalc-dims=\"1\" fetchpriority=\"high\" decoding=\"async\" class=\"alignnone wp-image-692931 size-large\" title=\"apple airpods prezzi\" src=\"https:\/\/i0.wp.com\/static.iphoneitalia.com\/wp-content\/uploads\/2019\/03\/confronto-modelli-airpods-630x403.jpg?resize=630%2C403&#038;ssl=1\" sizes=\"(max-width: 630px) 100vw, 630px\" srcset=\"https:\/\/static.iphoneitalia.com\/wp-content\/uploads\/2019\/03\/confronto-modelli-airpods-630x403.jpg 630w, https:\/\/static.iphoneitalia.com\/wp-content\/uploads\/2019\/03\/confronto-modelli-airpods-768x491.jpg 768w, https:\/\/static.iphoneitalia.com\/wp-content\/uploads\/2019\/03\/confronto-modelli-airpods-900x576.jpg 900w, https:\/\/static.iphoneitalia.com\/wp-content\/uploads\/2019\/03\/confronto-modelli-airpods.jpg 1007w\" alt=\"apple airpods prezzi\" width=\"630\" height=\"403\" \/><\/p>\n<h4><strong>Il prezzo\u00a0<\/strong><\/h4>\n<p>Partiamo dall\u2019elemento pi\u00f9 importante, il prezzo.\u00a0<a href=\"http:\/\/videom.it\/blog\/shop\/airpods-auricolari\/\" target=\"_blank\" rel=\"noopener noreferrer\"><strong>Gli AirPods di prima generazione <\/strong><\/a>erano disponibili in una sola versione che veniva venduta al prezzo di 179\u20ac<\/p>\n<p><strong>I nuovi Auricolari<\/strong> partono sempre dallo stesso prezzo. Ma gli utenti hanno ora la possibilit\u00e0 di acquistare la versione con custodia di ricarica wireless che costa 229\u20ac. <strong>Una differenza di 50\u20ac<\/strong> per chi opta per la custodia con ricarica wireless. Grazie alla quale il case si ricarica semplicemente poggiandolo su un pad Qi o sul futuro AirPower di Apple.<\/p>\n<p>Apple permette anche di acquistare<strong>\u00a0la sola custodia di ricarica wireless<\/strong> al prezzo di 89\u20ac. Questa custodia \u00e8 compatibile anche con gli Air Pods di prima generazione e costa 39\u20ac in pi\u00f9 rispetto alla soluzione che comprende AirPods 2 + Custodia di ricarica wireless. Per questo motivo, se state pensando di voler sfruttare la ricarica wireless sui nuovi AirPods, non ci sono dubbi e optate per la soluzione integrata. Diciamo che questa custodia, da sola, \u00e8 consigliata solo a chi ha gi\u00e0 il vecchio modello. A meno che non acquistate ora gli AirPods 2 a 179\u20ac e poi tra qualche mese cambiate idea sulla ricarica wireless. Ricordate comunque che la custodia di ricarica wireless pu\u00f2 essere ricaricata anche con il cavo Lightning.<\/p>\n<p>I nuovi AirPods possono essere acquistati nel nostro Store da subito<strong> VideoMusic Trebisacce &#8211; V.le della Libert\u00e0 22\/24 a Trebisacce. Contatti: 0981 58459\/51519 WhatsApp 3518188174 &#8211; Anche On Line <span id=\"sample-permalink\"><a href=\"http:\/\/videom.it\/blog\/shop\/airpods-auricolari\/\" target=\"_blank\" rel=\"noopener noreferrer\">http:\/\/videom.it\/blog\/shop\/<span id=\"editable-post-name\">airpods-auricolari<\/span>\/<\/a><\/span>\u00a0\u200e<\/strong><\/p>\n<\/header><\/div>\n<div class=\"td-post-content\">\n<div class=\"td-post-featured-image\">\n<h3><strong><span id=\"Ricarica_wireless\">Airpods e Ricarica wireless<\/span><\/strong><\/h3>\n<p>La\u00a0<strong>ricarica wireless<\/strong>\u00a0\u00e8 diventata una realt\u00e0 assieme al lancio delle AirPods 2, questo dopo una\u2019attesa che dura dal marzo 2018. La custodia in realt\u00e0 \u00e8 una sorta di accessorio visto che le AirPods 2 si possono comprare con e senza custodia di ricarica wireless (compatibile con il diffusissimo standard QI,\u00a0lo stesso utilizzato sugli iPhone recenti).<\/p>\n<p>La custodia viene anche\u00a0<strong>venduta separatamente e anche chi ha le vecchie AirPods pu\u00f2 comprarla<\/strong>. Grazie alla custodia, sia quella wireless che quella standard, si pu\u00f2 estendere fino a 24 ore l\u2019autonomia delle auricolari.<\/p>\n<p>Da notare che come in precedenza infilando le auricolari dentro alla loo custodia per 15 minuti si pu\u00f2 ripristinare una carica sufficiente ad una autonomia fino a 3 ore.<\/p>\n<p><img data-recalc-dims=\"1\" decoding=\"async\" class=\"aligncenter\" title=\"apple airpods 2carica\" src=\"https:\/\/i0.wp.com\/www.macitynet.it\/wp-content\/uploads\/2019\/03\/airpods2carica.jpg?resize=496%2C223&#038;ssl=1\" alt=\"apple airpods 2carica\" width=\"496\" height=\"223\" \/><\/p>\n<\/div>\n<\/div>\n\n\n<p>La pi\u00f9 grande novit\u00e0 degli AirPods di seconda generazione \u00e8 la possibilit\u00e0 di <strong>invocare Siri con il comando \u201cHey Siri\u201d<\/strong>. Proprio grazie al processore H1, infatti, con questo nuovo modello possiamo impartire comandi vocali senza dover toccare gli auricolari, come invece avviene con il precedente modello.<\/p>\n\n\n\n<p>Con gli AirPods di prima generazione \u00e8 necessario toccare due volte gli auricolari prima di parlare con l\u2019assistente vocale di Apple, mentre con il nuovo modello \u00e8 sufficiente dire \u201c<em>Hey Siri<\/em>\u201d affinch\u00e9 venga registrata la query o il comando vocale.<\/p>\n\n\n\n<p>Si tratta di una funzione molto comoda quando abbiamo le mani impegnate e per velocizzare l\u2019interazione con gli AirPods in ogni altra circostanza.<\/p>\n\n\n\n<h3 class=\"wp-block-heading\">La batteria<\/h3>\n\n\n\n<p>I nuovi AirPods offrono&nbsp;<strong>la stessa durata complessiva della batteria<\/strong>&nbsp;rispetto al precedente modello: 5 ore di ascolto con una sola ricarica, 24 ore di autonomia aggiuntiva con la custodia di ricarica. Apple spiega che la differenza si nota&nbsp;<strong>nel tempo di conversazione<\/strong>, con i nuovi AirPods che offrono il 50% di tempo in pi\u00f9 grazie al chip H1.<\/p>\n\n\n\n<p>Questo significa che gli auricolari di seconda generazione arrivano <strong>fino a tre ore di autonomia in conversazione<\/strong>, rispetto alle due ore della generazione precedente. Un aspetto da non sottovalutare se effettuate molte chiamate. <\/p>\n\n\n\n<p><br>I nuovi AirPods possono essere acquistati nel nostro Store da subito<strong> VideoMusic Trebisacce &#8211; V.le della Libert\u00e0 22\/24 a Trebisacce. Contatti: 0981 58459\/51519 WhatsApp 3518188174<\/strong> &#8212; <br><strong>Anche On Line <a rel=\"noreferrer noopener\" href=\"http:\/\/videom.it\/blog\/shop\/airpods-auricolari\/\" target=\"_blank\">http:\/\/videom.it\/blog\/shop\/airpods-auricolari\/<\/a>\u00a0\u200e<\/strong>  <\/p>\n","protected":false},"excerpt":{"rendered":"<p>Apple ha lanciato gli AirPods di seconda generazione che, esteticamente, sono praticamente identici al modello di prima generazione. Fatta eccezione&hellip;<\/p>\n","protected":false},"author":2,"featured_media":3409,"comment_status":"open","ping_status":"open","sticky":false,"template":"","format":"standard","meta":{"jetpack_post_was_ever_published":false,"_jetpack_newsletter_access":"","_jetpack_dont_email_post_to_subs":false,"_jetpack_newsletter_tier_id":0,"_jetpack_memberships_contains_paywalled_content":false,"_jetpack_memberships_contains_paid_content":false,"footnotes":"","jetpack_publicize_message":"","jetpack_publicize_feature_enabled":true,"jetpack_social_post_already_shared":true,"jetpack_social_options":{"image_generator_settings":{"template":"highway","default_image_id":0,"font":"","enabled":false},"version":2}},"categories":[76,9,34,10],"tags":[57,184,70,183,185],"class_list":["post-3408","post","type-post","status-publish","format-standard","has-post-thumbnail","hentry","category-accessori","category-cellulari","category-news","category-smartphone","tag-accessori","tag-airpod","tag-apple","tag-auricolari","tag-cuffie"],"yoast_head":"<!-- This site is optimized with the Yoast SEO plugin v27.4 - https:\/\/yoast.com\/product\/yoast-seo-wordpress\/ -->\n<title>AirPods Apple di seconda Generazione gi\u00e0 disponibili<\/title>\n<meta name=\"description\" content=\"Apple ha lanciato gli\u00a0AirPods di seconda generazione che, esteticamente, sono identici al modello di prima, fatta eccezione per il LED sulla parte frontale.\" \/>\n<meta name=\"robots\" content=\"index, follow, max-snippet:-1, max-image-preview:large, max-video-preview:-1\" \/>\n<link rel=\"canonical\" href=\"https:\/\/videom.it\/blog\/apple-airpods-2\/\" \/>\n<meta property=\"og:locale\" content=\"it_IT\" \/>\n<meta property=\"og:type\" content=\"article\" \/>\n<meta property=\"og:title\" content=\"AirPods Apple di seconda Generazione gi\u00e0 disponibili\" \/>\n<meta property=\"og:description\" content=\"Apple ha lanciato gli\u00a0AirPods di seconda generazione che, esteticamente, sono identici al modello di prima, fatta eccezione per il LED sulla parte frontale.\" \/>\n<meta property=\"og:url\" content=\"https:\/\/videom.it\/blog\/apple-airpods-2\/\" \/>\n<meta property=\"og:site_name\" content=\"VideoMusic\" \/>\n<meta property=\"article:publisher\" content=\"https:\/\/www.facebook.com\/videomusiccava.trebisacce\" \/>\n<meta property=\"article:published_time\" content=\"2019-04-12T18:08:54+00:00\" \/>\n<meta property=\"article:modified_time\" content=\"2019-04-12T18:40:09+00:00\" \/>\n<meta property=\"og:image\" content=\"https:\/\/i0.wp.com\/videom.it\/blog\/wp-content\/uploads\/2019\/04\/airpods-2.jpg?fit=800%2C500&ssl=1\" \/>\n\t<meta property=\"og:image:width\" content=\"800\" \/>\n\t<meta property=\"og:image:height\" content=\"500\" \/>\n\t<meta property=\"og:image:type\" content=\"image\/jpeg\" \/>\n<meta name=\"author\" content=\"VideoMusic-Cava\" \/>\n<meta name=\"twitter:label1\" content=\"Scritto da\" \/>\n\t<meta name=\"twitter:data1\" content=\"VideoMusic-Cava\" \/>\n\t<meta name=\"twitter:label2\" content=\"Tempo di lettura stimato\" \/>\n\t<meta name=\"twitter:data2\" content=\"4 minuti\" \/>\n<script type=\"application\/ld+json\" class=\"yoast-schema-graph\">{\"@context\":\"https:\\\/\\\/schema.org\",\"@graph\":[{\"@type\":\"Article\",\"@id\":\"https:\\\/\\\/videom.it\\\/blog\\\/apple-airpods-2\\\/#article\",\"isPartOf\":{\"@id\":\"https:\\\/\\\/videom.it\\\/blog\\\/apple-airpods-2\\\/\"},\"author\":{\"name\":\"VideoMusic-Cava\",\"@id\":\"https:\\\/\\\/videom.it\\\/blog\\\/#\\\/schema\\\/person\\\/40ba89eef1c5f25d737fb3ef4f072a20\"},\"headline\":\"AirPods Apple di seconda Generazione gi\u00e0 disponibili\",\"datePublished\":\"2019-04-12T18:08:54+00:00\",\"dateModified\":\"2019-04-12T18:40:09+00:00\",\"mainEntityOfPage\":{\"@id\":\"https:\\\/\\\/videom.it\\\/blog\\\/apple-airpods-2\\\/\"},\"wordCount\":744,\"commentCount\":0,\"publisher\":{\"@id\":\"https:\\\/\\\/videom.it\\\/blog\\\/#organization\"},\"image\":{\"@id\":\"https:\\\/\\\/videom.it\\\/blog\\\/apple-airpods-2\\\/#primaryimage\"},\"thumbnailUrl\":\"https:\\\/\\\/i0.wp.com\\\/videom.it\\\/blog\\\/wp-content\\\/uploads\\\/2019\\\/04\\\/airpods-2.jpg?fit=800%2C500&ssl=1\",\"keywords\":[\"accessori\",\"airpod\",\"apple\",\"auricolari\",\"cuffie\"],\"articleSection\":[\"Accessori\",\"Cellulari\",\"News\",\"Smartphone\"],\"inLanguage\":\"it-IT\",\"potentialAction\":[{\"@type\":\"CommentAction\",\"name\":\"Comment\",\"target\":[\"https:\\\/\\\/videom.it\\\/blog\\\/apple-airpods-2\\\/#respond\"]}]},{\"@type\":\"WebPage\",\"@id\":\"https:\\\/\\\/videom.it\\\/blog\\\/apple-airpods-2\\\/\",\"url\":\"https:\\\/\\\/videom.it\\\/blog\\\/apple-airpods-2\\\/\",\"name\":\"AirPods Apple di seconda Generazione gi\u00e0 disponibili\",\"isPartOf\":{\"@id\":\"https:\\\/\\\/videom.it\\\/blog\\\/#website\"},\"primaryImageOfPage\":{\"@id\":\"https:\\\/\\\/videom.it\\\/blog\\\/apple-airpods-2\\\/#primaryimage\"},\"image\":{\"@id\":\"https:\\\/\\\/videom.it\\\/blog\\\/apple-airpods-2\\\/#primaryimage\"},\"thumbnailUrl\":\"https:\\\/\\\/i0.wp.com\\\/videom.it\\\/blog\\\/wp-content\\\/uploads\\\/2019\\\/04\\\/airpods-2.jpg?fit=800%2C500&ssl=1\",\"datePublished\":\"2019-04-12T18:08:54+00:00\",\"dateModified\":\"2019-04-12T18:40:09+00:00\",\"description\":\"Apple ha lanciato gli\u00a0AirPods di seconda generazione che, esteticamente, sono identici al modello di prima, fatta eccezione per il LED sulla parte frontale.\",\"breadcrumb\":{\"@id\":\"https:\\\/\\\/videom.it\\\/blog\\\/apple-airpods-2\\\/#breadcrumb\"},\"inLanguage\":\"it-IT\",\"potentialAction\":[{\"@type\":\"ReadAction\",\"target\":[\"https:\\\/\\\/videom.it\\\/blog\\\/apple-airpods-2\\\/\"]}]},{\"@type\":\"ImageObject\",\"inLanguage\":\"it-IT\",\"@id\":\"https:\\\/\\\/videom.it\\\/blog\\\/apple-airpods-2\\\/#primaryimage\",\"url\":\"https:\\\/\\\/i0.wp.com\\\/videom.it\\\/blog\\\/wp-content\\\/uploads\\\/2019\\\/04\\\/airpods-2.jpg?fit=800%2C500&ssl=1\",\"contentUrl\":\"https:\\\/\\\/i0.wp.com\\\/videom.it\\\/blog\\\/wp-content\\\/uploads\\\/2019\\\/04\\\/airpods-2.jpg?fit=800%2C500&ssl=1\",\"width\":800,\"height\":500,\"caption\":\"airpods 2\"},{\"@type\":\"BreadcrumbList\",\"@id\":\"https:\\\/\\\/videom.it\\\/blog\\\/apple-airpods-2\\\/#breadcrumb\",\"itemListElement\":[{\"@type\":\"ListItem\",\"position\":1,\"name\":\"Home\",\"item\":\"https:\\\/\\\/videom.it\\\/blog\\\/\"},{\"@type\":\"ListItem\",\"position\":2,\"name\":\"AirPods Apple di seconda Generazione gi\u00e0 disponibili\"}]},{\"@type\":\"WebSite\",\"@id\":\"https:\\\/\\\/videom.it\\\/blog\\\/#website\",\"url\":\"https:\\\/\\\/videom.it\\\/blog\\\/\",\"name\":\"VideoMusic\",\"description\":\"Luce &amp; Gas - Assicurazioni - Riparazioni\",\"publisher\":{\"@id\":\"https:\\\/\\\/videom.it\\\/blog\\\/#organization\"},\"potentialAction\":[{\"@type\":\"SearchAction\",\"target\":{\"@type\":\"EntryPoint\",\"urlTemplate\":\"https:\\\/\\\/videom.it\\\/blog\\\/?s={search_term_string}\"},\"query-input\":{\"@type\":\"PropertyValueSpecification\",\"valueRequired\":true,\"valueName\":\"search_term_string\"}}],\"inLanguage\":\"it-IT\"},{\"@type\":\"Organization\",\"@id\":\"https:\\\/\\\/videom.it\\\/blog\\\/#organization\",\"name\":\"VideoMusic\",\"url\":\"https:\\\/\\\/videom.it\\\/blog\\\/\",\"logo\":{\"@type\":\"ImageObject\",\"inLanguage\":\"it-IT\",\"@id\":\"https:\\\/\\\/videom.it\\\/blog\\\/#\\\/schema\\\/logo\\\/image\\\/\",\"url\":\"https:\\\/\\\/i2.wp.com\\\/videom.it\\\/blog\\\/wp-content\\\/uploads\\\/2015\\\/04\\\/25th-giallo-3.jpg?fit=1300%2C1192&ssl=1\",\"contentUrl\":\"https:\\\/\\\/i2.wp.com\\\/videom.it\\\/blog\\\/wp-content\\\/uploads\\\/2015\\\/04\\\/25th-giallo-3.jpg?fit=1300%2C1192&ssl=1\",\"width\":1300,\"height\":1192,\"caption\":\"VideoMusic\"},\"image\":{\"@id\":\"https:\\\/\\\/videom.it\\\/blog\\\/#\\\/schema\\\/logo\\\/image\\\/\"},\"sameAs\":[\"https:\\\/\\\/www.facebook.com\\\/videomusiccava.trebisacce\",\"https:\\\/\\\/x.com\\\/vbcava\",\"https:\\\/\\\/www.youtube.com\\\/channel\\\/UCgNxnZpk2zqHaIcIxF3swOA\"]},{\"@type\":\"Person\",\"@id\":\"https:\\\/\\\/videom.it\\\/blog\\\/#\\\/schema\\\/person\\\/40ba89eef1c5f25d737fb3ef4f072a20\",\"name\":\"VideoMusic-Cava\",\"image\":{\"@type\":\"ImageObject\",\"inLanguage\":\"it-IT\",\"@id\":\"https:\\\/\\\/secure.gravatar.com\\\/avatar\\\/e327a76d3b7d6d9b7306f90ce5cde05948a3a95d325fe1ddd479ac1ea3d5982e?s=96&d=mm&r=g\",\"url\":\"https:\\\/\\\/secure.gravatar.com\\\/avatar\\\/e327a76d3b7d6d9b7306f90ce5cde05948a3a95d325fe1ddd479ac1ea3d5982e?s=96&d=mm&r=g\",\"contentUrl\":\"https:\\\/\\\/secure.gravatar.com\\\/avatar\\\/e327a76d3b7d6d9b7306f90ce5cde05948a3a95d325fe1ddd479ac1ea3d5982e?s=96&d=mm&r=g\",\"caption\":\"VideoMusic-Cava\"},\"sameAs\":[\"http:\\\/\\\/www.videom.it\"],\"url\":\"https:\\\/\\\/videom.it\\\/blog\\\/author\\\/videomusic-cava\\\/\"}]}<\/script>\n<!-- \/ Yoast SEO plugin. -->","yoast_head_json":{"title":"AirPods Apple di seconda Generazione gi\u00e0 disponibili","description":"Apple ha lanciato gli\u00a0AirPods di seconda generazione che, esteticamente, sono identici al modello di prima, fatta eccezione per il LED sulla parte frontale.","robots":{"index":"index","follow":"follow","max-snippet":"max-snippet:-1","max-image-preview":"max-image-preview:large","max-video-preview":"max-video-preview:-1"},"canonical":"https:\/\/videom.it\/blog\/apple-airpods-2\/","og_locale":"it_IT","og_type":"article","og_title":"AirPods Apple di seconda Generazione gi\u00e0 disponibili","og_description":"Apple ha lanciato gli\u00a0AirPods di seconda generazione che, esteticamente, sono identici al modello di prima, fatta eccezione per il LED sulla parte frontale.","og_url":"https:\/\/videom.it\/blog\/apple-airpods-2\/","og_site_name":"VideoMusic","article_publisher":"https:\/\/www.facebook.com\/videomusiccava.trebisacce","article_published_time":"2019-04-12T18:08:54+00:00","article_modified_time":"2019-04-12T18:40:09+00:00","og_image":[{"width":800,"height":500,"url":"https:\/\/i0.wp.com\/videom.it\/blog\/wp-content\/uploads\/2019\/04\/airpods-2.jpg?fit=800%2C500&ssl=1","type":"image\/jpeg"}],"author":"VideoMusic-Cava","twitter_misc":{"Scritto da":"VideoMusic-Cava","Tempo di lettura stimato":"4 minuti"},"schema":{"@context":"https:\/\/schema.org","@graph":[{"@type":"Article","@id":"https:\/\/videom.it\/blog\/apple-airpods-2\/#article","isPartOf":{"@id":"https:\/\/videom.it\/blog\/apple-airpods-2\/"},"author":{"name":"VideoMusic-Cava","@id":"https:\/\/videom.it\/blog\/#\/schema\/person\/40ba89eef1c5f25d737fb3ef4f072a20"},"headline":"AirPods Apple di seconda Generazione gi\u00e0 disponibili","datePublished":"2019-04-12T18:08:54+00:00","dateModified":"2019-04-12T18:40:09+00:00","mainEntityOfPage":{"@id":"https:\/\/videom.it\/blog\/apple-airpods-2\/"},"wordCount":744,"commentCount":0,"publisher":{"@id":"https:\/\/videom.it\/blog\/#organization"},"image":{"@id":"https:\/\/videom.it\/blog\/apple-airpods-2\/#primaryimage"},"thumbnailUrl":"https:\/\/i0.wp.com\/videom.it\/blog\/wp-content\/uploads\/2019\/04\/airpods-2.jpg?fit=800%2C500&ssl=1","keywords":["accessori","airpod","apple","auricolari","cuffie"],"articleSection":["Accessori","Cellulari","News","Smartphone"],"inLanguage":"it-IT","potentialAction":[{"@type":"CommentAction","name":"Comment","target":["https:\/\/videom.it\/blog\/apple-airpods-2\/#respond"]}]},{"@type":"WebPage","@id":"https:\/\/videom.it\/blog\/apple-airpods-2\/","url":"https:\/\/videom.it\/blog\/apple-airpods-2\/","name":"AirPods Apple di seconda Generazione gi\u00e0 disponibili","isPartOf":{"@id":"https:\/\/videom.it\/blog\/#website"},"primaryImageOfPage":{"@id":"https:\/\/videom.it\/blog\/apple-airpods-2\/#primaryimage"},"image":{"@id":"https:\/\/videom.it\/blog\/apple-airpods-2\/#primaryimage"},"thumbnailUrl":"https:\/\/i0.wp.com\/videom.it\/blog\/wp-content\/uploads\/2019\/04\/airpods-2.jpg?fit=800%2C500&ssl=1","datePublished":"2019-04-12T18:08:54+00:00","dateModified":"2019-04-12T18:40:09+00:00","description":"Apple ha lanciato gli\u00a0AirPods di seconda generazione che, esteticamente, sono identici al modello di prima, fatta eccezione per il LED sulla parte frontale.","breadcrumb":{"@id":"https:\/\/videom.it\/blog\/apple-airpods-2\/#breadcrumb"},"inLanguage":"it-IT","potentialAction":[{"@type":"ReadAction","target":["https:\/\/videom.it\/blog\/apple-airpods-2\/"]}]},{"@type":"ImageObject","inLanguage":"it-IT","@id":"https:\/\/videom.it\/blog\/apple-airpods-2\/#primaryimage","url":"https:\/\/i0.wp.com\/videom.it\/blog\/wp-content\/uploads\/2019\/04\/airpods-2.jpg?fit=800%2C500&ssl=1","contentUrl":"https:\/\/i0.wp.com\/videom.it\/blog\/wp-content\/uploads\/2019\/04\/airpods-2.jpg?fit=800%2C500&ssl=1","width":800,"height":500,"caption":"airpods 2"},{"@type":"BreadcrumbList","@id":"https:\/\/videom.it\/blog\/apple-airpods-2\/#breadcrumb","itemListElement":[{"@type":"ListItem","position":1,"name":"Home","item":"https:\/\/videom.it\/blog\/"},{"@type":"ListItem","position":2,"name":"AirPods Apple di seconda Generazione gi\u00e0 disponibili"}]},{"@type":"WebSite","@id":"https:\/\/videom.it\/blog\/#website","url":"https:\/\/videom.it\/blog\/","name":"VideoMusic","description":"Luce &amp; Gas - Assicurazioni - Riparazioni","publisher":{"@id":"https:\/\/videom.it\/blog\/#organization"},"potentialAction":[{"@type":"SearchAction","target":{"@type":"EntryPoint","urlTemplate":"https:\/\/videom.it\/blog\/?s={search_term_string}"},"query-input":{"@type":"PropertyValueSpecification","valueRequired":true,"valueName":"search_term_string"}}],"inLanguage":"it-IT"},{"@type":"Organization","@id":"https:\/\/videom.it\/blog\/#organization","name":"VideoMusic","url":"https:\/\/videom.it\/blog\/","logo":{"@type":"ImageObject","inLanguage":"it-IT","@id":"https:\/\/videom.it\/blog\/#\/schema\/logo\/image\/","url":"https:\/\/i2.wp.com\/videom.it\/blog\/wp-content\/uploads\/2015\/04\/25th-giallo-3.jpg?fit=1300%2C1192&ssl=1","contentUrl":"https:\/\/i2.wp.com\/videom.it\/blog\/wp-content\/uploads\/2015\/04\/25th-giallo-3.jpg?fit=1300%2C1192&ssl=1","width":1300,"height":1192,"caption":"VideoMusic"},"image":{"@id":"https:\/\/videom.it\/blog\/#\/schema\/logo\/image\/"},"sameAs":["https:\/\/www.facebook.com\/videomusiccava.trebisacce","https:\/\/x.com\/vbcava","https:\/\/www.youtube.com\/channel\/UCgNxnZpk2zqHaIcIxF3swOA"]},{"@type":"Person","@id":"https:\/\/videom.it\/blog\/#\/schema\/person\/40ba89eef1c5f25d737fb3ef4f072a20","name":"VideoMusic-Cava","image":{"@type":"ImageObject","inLanguage":"it-IT","@id":"https:\/\/secure.gravatar.com\/avatar\/e327a76d3b7d6d9b7306f90ce5cde05948a3a95d325fe1ddd479ac1ea3d5982e?s=96&d=mm&r=g","url":"https:\/\/secure.gravatar.com\/avatar\/e327a76d3b7d6d9b7306f90ce5cde05948a3a95d325fe1ddd479ac1ea3d5982e?s=96&d=mm&r=g","contentUrl":"https:\/\/secure.gravatar.com\/avatar\/e327a76d3b7d6d9b7306f90ce5cde05948a3a95d325fe1ddd479ac1ea3d5982e?s=96&d=mm&r=g","caption":"VideoMusic-Cava"},"sameAs":["http:\/\/www.videom.it"],"url":"https:\/\/videom.it\/blog\/author\/videomusic-cava\/"}]}},"views":1863,"jetpack_publicize_connections":[],"jetpack_featured_media_url":"https:\/\/i0.wp.com\/videom.it\/blog\/wp-content\/uploads\/2019\/04\/airpods-2.jpg?fit=800%2C500&ssl=1","jetpack_sharing_enabled":true,"jetpack_shortlink":"https:\/\/wp.me\/p5ZUZm-SY","_links":{"self":[{"href":"https:\/\/videom.it\/blog\/wp-json\/wp\/v2\/posts\/3408","targetHints":{"allow":["GET"]}}],"collection":[{"href":"https:\/\/videom.it\/blog\/wp-json\/wp\/v2\/posts"}],"about":[{"href":"https:\/\/videom.it\/blog\/wp-json\/wp\/v2\/types\/post"}],"author":[{"embeddable":true,"href":"https:\/\/videom.it\/blog\/wp-json\/wp\/v2\/users\/2"}],"replies":[{"embeddable":true,"href":"https:\/\/videom.it\/blog\/wp-json\/wp\/v2\/comments?post=3408"}],"version-history":[{"count":2,"href":"https:\/\/videom.it\/blog\/wp-json\/wp\/v2\/posts\/3408\/revisions"}],"predecessor-version":[{"id":3412,"href":"https:\/\/videom.it\/blog\/wp-json\/wp\/v2\/posts\/3408\/revisions\/3412"}],"wp:featuredmedia":[{"embeddable":true,"href":"https:\/\/videom.it\/blog\/wp-json\/wp\/v2\/media\/3409"}],"wp:attachment":[{"href":"https:\/\/videom.it\/blog\/wp-json\/wp\/v2\/media?parent=3408"}],"wp:term":[{"taxonomy":"category","embeddable":true,"href":"https:\/\/videom.it\/blog\/wp-json\/wp\/v2\/categories?post=3408"},{"taxonomy":"post_tag","embeddable":true,"href":"https:\/\/videom.it\/blog\/wp-json\/wp\/v2\/tags?post=3408"}],"curies":[{"name":"wp","href":"https:\/\/api.w.org\/{rel}","templated":true}]}}